{"id":28,"date":"2012-02-02T10:55:42","date_gmt":"2012-02-02T13:55:42","guid":{"rendered":"http:\/\/bloquejuntossomosrn.com.ar\/portal\/?p=28"},"modified":"2012-02-02T10:55:42","modified_gmt":"2012-02-02T13:55:42","slug":"bariloche-define-su-proyecto-turistico","status":"publish","type":"post","link":"https:\/\/bloquejsrn.com.ar\/portal\/bariloche-define-su-proyecto-turistico\/","title":{"rendered":"Bariloche define su proyecto tur\u00edstico para los pr\u00f3ximos 20 a\u00f1os"},"content":{"rendered":"<p style=\"text-align: justify;\">Durante la presentaci\u00f3n del Plan de Recuperaci\u00f3n de la Demanda de San Carlos de Bariloche, el Gobernador Alberto Weretilneck adelant\u00f3 que, tras culminar la temporada, esta ciudad definir\u00e1 su proyecto tur\u00edstico a largo plazo. Destac\u00f3 adem\u00e1s la importancia del trabajo mancomunado entre el municipio de esa localidad andina y los gobiernos de la Provincia y de la Naci\u00f3n.<\/p>\n<p style=\"text-align: justify;\"><em>\u201cBariloche va a empezar a discutir y definir junto al Gobierno Provincial y con el liderazgo del Gobierno Nacional, su proyecto tur\u00edstico de aqu\u00ed a los pr\u00f3ximos 20 a\u00f1os\u201d<\/em>, se\u00f1al\u00f3 el Gobernador durante el desayuno de trabajo desarrollado hoy en el hotel Alvear en la Ciudad de Buenos Aires.<\/p>\n<p style=\"text-align: justify;\"><em>\u201cPensamos que la planificaci\u00f3n, el diagn\u00f3stico, la propuesta, la ejecuci\u00f3n y la evaluaci\u00f3n son las herramientas b\u00e1sicas de toda pol\u00edtica p\u00fablica, no somos afines a medidas coyunturales\u201d<\/em>, destac\u00f3.<br \/>\nResalt\u00f3 Weretilneck <em>\u201cla unidad de acci\u00f3n que tenemos hoy, quiz\u00e1 peque de audaz, pero por primera vez en much\u00edsimos a\u00f1os el pensamiento tur\u00edstico de Bariloche es el mismo que el del Gobierno provincial y nacional. Hoy este Gobernador ratifica absolutamente que la pol\u00edtica tur\u00edstica de Bariloche y del gobierno provincial, acompa\u00f1a, se identifica y va de la mano con la pol\u00edtica del Ministerio de Turismo de nuestro Gobierno Nacional\u201d<\/em>.<br \/>\nConsider\u00f3 el Gobernador que \u201c<em>este gran evento tiene tambi\u00e9n la finalidad de volver a recuperar el prestigio que Bariloche tuvo d\u00e9cadas pasadas que por desaciertos y errores de las pol\u00edticas p\u00fablicas, nos hicieron perder participaci\u00f3n en el mercado tur\u00edstico nacional\u201d<\/em>.<\/p>\n<p style=\"text-align: justify;\"><strong>Inversiones en el aeropuerto<\/strong><\/p>\n<p style=\"text-align: justify;\">El mandatario rionegrino hizo adem\u00e1s referencia a la importancia de la reactivaci\u00f3n del Aeropuerto de Bariloche y consider\u00f3 que con su reapertura se da por <em>\u201cfinalizada una etapa en la cual se perdi\u00f3 lo m\u00e1s importante que una ciudad tur\u00edstica pueda tener, que es su conectividad a\u00e9rea\u201d<\/em>.<br \/>\nLa erupci\u00f3n del volc\u00e1n Puyehue, el 4 de junio pasado, \u201c<em>signific\u00f3 no solo para Bariloche, sino para el resto de las localidades de la Cordillera, desde Villa La Angostura hasta El Bols\u00f3n una dif\u00edcil prueba sobre la fortaleza de Bariloche como destino tur\u00edstico y la posibilidad de generarse a s\u00ed mismo un proyecto y perspectivas que vayan m\u00e1s all\u00e1 del aeropuerto\u201d<\/em>.<br \/>\nAnunci\u00f3 el Gobernador que \u201c<em>el aeropuerto de San Carlos de Bariloche tiene a partir de anoche, todo el instrumental t\u00e9cnico necesario para poder garantizar a las compa\u00f1\u00edas a\u00e9reas los est\u00e1ndares internacionales de seguridad para el normal desenvolvimiento de los vuelos\u201d<\/em>.<br \/>\nRecord\u00f3 Weretilneck que durante el \u00faltimo semestre del a\u00f1o 2011 se invirtieron 60 millones de pesos para transformarlo en el \u201c<em>Aeropuerto de mayor confort y tecnolog\u00eda del pa\u00eds<\/em>\u201d.<br \/>\nDetall\u00f3 adem\u00e1s que el Ministerio de Defensa de la Naci\u00f3n termin\u00f3 ayer de instalar los equipos de medici\u00f3n de cenizas (que incluyen un sistema de medici\u00f3n l\u00e1ser de cenizas en altura), y un equipo en superficie para medir las part\u00edculas en tierra.<br \/>\nEn tanto \u201c<em>hemos instalado 14 puestos de medici\u00f3n en el per\u00edmetro del Aeropuerto<\/em>\u201d y en los pr\u00f3ximos 15 d\u00edas el Ministerio de Defensa instalar\u00e1 dos globos aerost\u00e1ticos a 4000 metros de altitud -que permitir\u00e1n tener previsibilidad del material volc\u00e1nico-.<br \/>\n\u201c<em>Es decir que con la inversi\u00f3n del \u00faltimo semestre del a\u00f1o pasado, m\u00e1s la fuerte inversi\u00f3n que efectu\u00f3 el Ministerio de Defensa este a\u00f1o, m\u00e1s el esfuerzo de Aeropuertos Argentina 2000 en lo que hace a operatividad diaria en las pistas, los regados 40 minutos antes del aterrizaje de los vuelos, estamos en condiciones de asegurar que el Aeropuerto de Bariloche tiene todos los est\u00e1ndares que se necesitan a la luz de un volc\u00e1n que, si bien ha disminuido su actividad, a\u00fan permanece activo\u201d, destac\u00f3 Weretilneck.<\/em><br \/>\n<em>Por \u00faltimo consider\u00f3 que \u201ces un orgullo el trabajo que se ha llevado adelante desde el Gobierno Nacional con el Ministerio de Defensa y de Planificaci\u00f3n, m\u00e1s Aeropuertos Argentina 2000 y el Gobierno Provincial<\/em>\u201d.<\/p>\n","protected":false},"excerpt":{"rendered":"<p>Durante la presentaci\u00f3n del Plan de Recuperaci\u00f3n de la Demanda de San Carlos de Bariloche, el Gobernador Alberto Weretilneck adelant\u00f3 [&hellip;]<\/p>\n","protected":false},"author":1,"featured_media":0,"comment_status":"open","ping_status":"closed","sticky":false,"template":"","format":"standard","meta":{"site-sidebar-layout":"default","site-content-layout":"","ast-site-content-layout":"default","site-content-style":"default","site-sidebar-style":"default","ast-global-header-display":"","ast-banner-title-visibility":"","ast-main-header-display":"","ast-hfb-above-header-display":"","ast-hfb-below-header-display":"","ast-hfb-mobile-header-display":"","site-post-title":"","ast-breadcrumbs-content":"","ast-featured-img":"","footer-sml-layout":"","theme-transparent-header-meta":"","adv-header-id-meta":"","stick-header-meta":"","header-above-stick-meta":"","header-main-stick-meta":"","header-below-stick-meta":"","astra-migrate-meta-layouts":"default","ast-page-background-enabled":"default","ast-page-background-meta":{"desktop":{"background-color":"var(--ast-global-color-5)","background-image":"","background-repeat":"repeat","background-position":"center center","background-size":"auto","background-attachment":"scroll","background-type":"","background-media":"","overlay-type":"","overlay-color":"","overlay-opacity":"","overlay-gradient":""},"tablet":{"background-color":"","background-image":"","background-repeat":"repeat","background-position":"center center","background-size":"auto","background-attachment":"scroll","background-type":"","background-media":"","overlay-type":"","overlay-color":"","overlay-opacity":"","overlay-gradient":""},"mobile":{"background-color":"","background-image":"","background-repeat":"repeat","background-position":"center center","background-size":"auto","background-attachment":"scroll","background-type":"","background-media":"","overlay-type":"","overlay-color":"","overlay-opacity":"","overlay-gradient":""}},"ast-content-background-meta":{"desktop":{"background-color":"var(--ast-global-color-4)","background-image":"","background-repeat":"repeat","background-position":"center center","background-size":"auto","background-attachment":"scroll","background-type":"","background-media":"","overlay-type":"","overlay-color":"","overlay-opacity":"","overlay-gradient":""},"tablet":{"background-color":"var(--ast-global-color-4)","background-image":"","background-repeat":"repeat","background-position":"center center","background-size":"auto","background-attachment":"scroll","background-type":"","background-media":"","overlay-type":"","overlay-color":"","overlay-opacity":"","overlay-gradient":""},"mobile":{"background-color":"var(--ast-global-color-4)","background-image":"","background-repeat":"repeat","background-position":"center center","background-size":"auto","background-attachment":"scroll","background-type":"","background-media":"","overlay-type":"","overlay-color":"","overlay-opacity":"","overlay-gradient":""}},"footnotes":""},"categories":[20],"tags":[],"class_list":["post-28","post","type-post","status-publish","format-standard","hentry","category-comunicados"],"_links":{"self":[{"href":"https:\/\/bloquejsrn.com.ar\/portal\/wp-json\/wp\/v2\/posts\/28","targetHints":{"allow":["GET"]}}],"collection":[{"href":"https:\/\/bloquejsrn.com.ar\/portal\/wp-json\/wp\/v2\/posts"}],"about":[{"href":"https:\/\/bloquejsrn.com.ar\/portal\/wp-json\/wp\/v2\/types\/post"}],"author":[{"embeddable":true,"href":"https:\/\/bloquejsrn.com.ar\/portal\/wp-json\/wp\/v2\/users\/1"}],"replies":[{"embeddable":true,"href":"https:\/\/bloquejsrn.com.ar\/portal\/wp-json\/wp\/v2\/comments?post=28"}],"version-history":[{"count":0,"href":"https:\/\/bloquejsrn.com.ar\/portal\/wp-json\/wp\/v2\/posts\/28\/revisions"}],"wp:attachment":[{"href":"https:\/\/bloquejsrn.com.ar\/portal\/wp-json\/wp\/v2\/media?parent=28"}],"wp:term":[{"taxonomy":"category","embeddable":true,"href":"https:\/\/bloquejsrn.com.ar\/portal\/wp-json\/wp\/v2\/categories?post=28"},{"taxonomy":"post_tag","embeddable":true,"href":"https:\/\/bloquejsrn.com.ar\/portal\/wp-json\/wp\/v2\/tags?post=28"}],"curies":[{"name":"wp","href":"https:\/\/api.w.org\/{rel}","templated":true}]}}