{"id":29978,"date":"2025-04-11T11:24:22","date_gmt":"2025-04-11T14:24:22","guid":{"rendered":"https:\/\/bloquejsrn.com.ar\/portal\/?p=29978"},"modified":"2025-04-11T11:24:22","modified_gmt":"2025-04-11T14:24:22","slug":"repudio-a-expresiones-de-la-diputada-lorena-villaverde","status":"publish","type":"post","link":"https:\/\/bloquejsrn.com.ar\/portal\/repudio-a-expresiones-de-la-diputada-lorena-villaverde\/","title":{"rendered":"Repudio a expresiones de la diputada Lorena Villaverde"},"content":{"rendered":"\n<p class=\"wp-block-paragraph\">La educaci\u00f3n p\u00fablica no es, ni puede ser, neutral ni despojada de sentido. Ense\u00f1ar no es adoctrinar: es abrir preguntas, promover debates, generar pensamiento cr\u00edtico y acompa\u00f1ar trayectorias educativas diversas y singulares, subrayan legisladores del Bloque JSRN en tanto repudian declaraciones p\u00fablicas de la diputada nacional Lorena Villaverde, a prop\u00f3sito de una Cuesti\u00f3n de Privilegio que presentara en la Honorable C\u00e1mara de Diputados de la Naci\u00f3n contra la Ministra de Educaci\u00f3n de R\u00edo Negro, Patricia Campos.<\/p>\n\n\n\n<p class=\"wp-block-paragraph\">En este sentido, los parlamentarios sostienen que \u201cla educaci\u00f3n p\u00fablica no es, ni puede ser, neutral ni despojada de sentido. La acusaci\u00f3n de  &#8216;adoctrinamiento&#8217; tergiversa el sentido profundo de las pr\u00e1cticas educativas, deslegitima el rol  docente y atenta contra la libertad pedag\u00f3gica y el derecho de las y los estudiantes a una educaci\u00f3n integral\u201d.<\/p>\n\n\n\n<p class=\"wp-block-paragraph\">Con una fuerte argumentaci\u00f3n, los Legisladores Maricel C\u00e9voli, Andrea Escudero, Lorena Matzen, Facundo L\u00f3pez, Marcelo Szczygol y Ariel Bernatene expresaron su p\u00fablico repudio a las expresiones de la mencionada parlamentaria reafirmando al mismo tiempo el fuerte compromiso de p\u00fablica, gratuita, inclusiva y de calidad, as\u00ed como con quienes la sostienen d\u00eda a d\u00eda en cada rinc\u00f3n de la provincia.<\/p>\n","protected":false},"excerpt":{"rendered":"<p>La educaci\u00f3n p\u00fablica no es, ni puede ser, neutral ni despojada de sentido. Ense\u00f1ar no es adoctrinar: es abrir preguntas, [&hellip;]<\/p>\n","protected":false},"author":1,"featured_media":30294,"comment_status":"closed","ping_status":"closed","sticky":false,"template":"","format":"standard","meta":{"site-sidebar-layout":"default","site-content-layout":"","ast-site-content-layout":"default","site-content-style":"default","site-sidebar-style":"default","ast-global-header-display":"","ast-banner-title-visibility":"","ast-main-header-display":"","ast-hfb-above-header-display":"","ast-hfb-below-header-display":"","ast-hfb-mobile-header-display":"","site-post-title":"","ast-breadcrumbs-content":"","ast-featured-img":"","footer-sml-layout":"","ast-disable-related-posts":"","theme-transparent-header-meta":"","adv-header-id-meta":"","stick-header-meta":"","header-above-stick-meta":"","header-main-stick-meta":"","header-below-stick-meta":"","astra-migrate-meta-layouts":"default","ast-page-background-enabled":"default","ast-page-background-meta":{"desktop":{"background-color":"var(--ast-global-color-5)","background-image":"","background-repeat":"repeat","background-position":"center center","background-size":"auto","background-attachment":"scroll","background-type":"","background-media":"","overlay-type":"","overlay-color":"","overlay-opacity":"","overlay-gradient":""},"tablet":{"background-color":"","background-image":"","background-repeat":"repeat","background-position":"center center","background-size":"auto","background-attachment":"scroll","background-type":"","background-media":"","overlay-type":"","overlay-color":"","overlay-opacity":"","overlay-gradient":""},"mobile":{"background-color":"","background-image":"","background-repeat":"repeat","background-position":"center center","background-size":"auto","background-attachment":"scroll","background-type":"","background-media":"","overlay-type":"","overlay-color":"","overlay-opacity":"","overlay-gradient":""}},"ast-content-background-meta":{"desktop":{"background-color":"var(--ast-global-color-4)","background-image":"","background-repeat":"repeat","background-position":"center center","background-size":"auto","background-attachment":"scroll","background-type":"","background-media":"","overlay-type":"","overlay-color":"","overlay-opacity":"","overlay-gradient":""},"tablet":{"background-color":"var(--ast-global-color-4)","background-image":"","background-repeat":"repeat","background-position":"center center","background-size":"auto","background-attachment":"scroll","background-type":"","background-media":"","overlay-type":"","overlay-color":"","overlay-opacity":"","overlay-gradient":""},"mobile":{"background-color":"var(--ast-global-color-4)","background-image":"","background-repeat":"repeat","background-position":"center center","background-size":"auto","background-attachment":"scroll","background-type":"","background-media":"","overlay-type":"","overlay-color":"","overlay-opacity":"","overlay-gradient":""}},"footnotes":""},"categories":[2],"tags":[],"class_list":["post-29978","post","type-post","status-publish","format-standard","has-post-thumbnail","hentry","category-provinciales"],"_links":{"self":[{"href":"https:\/\/bloquejsrn.com.ar\/portal\/wp-json\/wp\/v2\/posts\/29978","targetHints":{"allow":["GET"]}}],"collection":[{"href":"https:\/\/bloquejsrn.com.ar\/portal\/wp-json\/wp\/v2\/posts"}],"about":[{"href":"https:\/\/bloquejsrn.com.ar\/portal\/wp-json\/wp\/v2\/types\/post"}],"author":[{"embeddable":true,"href":"https:\/\/bloquejsrn.com.ar\/portal\/wp-json\/wp\/v2\/users\/1"}],"replies":[{"embeddable":true,"href":"https:\/\/bloquejsrn.com.ar\/portal\/wp-json\/wp\/v2\/comments?post=29978"}],"version-history":[{"count":0,"href":"https:\/\/bloquejsrn.com.ar\/portal\/wp-json\/wp\/v2\/posts\/29978\/revisions"}],"wp:featuredmedia":[{"embeddable":true,"href":"https:\/\/bloquejsrn.com.ar\/portal\/wp-json\/wp\/v2\/media\/30294"}],"wp:attachment":[{"href":"https:\/\/bloquejsrn.com.ar\/portal\/wp-json\/wp\/v2\/media?parent=29978"}],"wp:term":[{"taxonomy":"category","embeddable":true,"href":"https:\/\/bloquejsrn.com.ar\/portal\/wp-json\/wp\/v2\/categories?post=29978"},{"taxonomy":"post_tag","embeddable":true,"href":"https:\/\/bloquejsrn.com.ar\/portal\/wp-json\/wp\/v2\/tags?post=29978"}],"curies":[{"name":"wp","href":"https:\/\/api.w.org\/{rel}","templated":true}]}}