{"id":30765,"date":"2025-10-01T09:47:02","date_gmt":"2025-10-01T12:47:02","guid":{"rendered":"https:\/\/bloquejsrn.com.ar\/portal\/?p=30528"},"modified":"2025-10-01T09:47:02","modified_gmt":"2025-10-01T12:47:02","slug":"banda-militar-de-la-escuela-militar-de-montana-tte-gral-juan-domingo-peron","status":"publish","type":"post","link":"https:\/\/bloquejsrn.com.ar\/portal\/banda-militar-de-la-escuela-militar-de-montana-tte-gral-juan-domingo-peron\/","title":{"rendered":"Banda Militar de la Escuela Militar de Monta\u00f1a \u201cTte. Gral. Juan Domingo Per\u00f3n\u201d"},"content":{"rendered":"\n<p>La historia de la Banda Militar de la Escuela Militar de Monta\u00f1a \u201cTte. Gral. Juan Domingo Per\u00f3n\u201d, se remonta a la creaci\u00f3n del Batall\u00f3n de Zapadores N\u00ba 6, el 18 de septiembre de 1937, y al surgimiento de su banda dos a\u00f1os m\u00e1s tarde, en 1939, con la designaci\u00f3n de su primer director, el Sargento Ayudante Segundo Maestro Antonio Pagano. A lo largo de los a\u00f1os, la banda ha atravesado diversos cambios estructurales y asignaciones. En 1944, parte del Batall\u00f3n fue trasladado a Neuqu\u00e9n, quedando un destacamento en Bariloche. En 1945, se suma la Banda del Regimiento de Infanter\u00eda 21, que en 1946 queda formalmente asignada al II Batall\u00f3n del Regimiento de Monta\u00f1a 21.<\/p>\n\n\n\n<p>La Banda Militar tiene un rol fundamental como nexo entre el Ej\u00e9rcito Argentino y la comunidad, participando activamente en actos escolares, celebraciones patrias, ceremonias protocolares y eventos organizados por instituciones intermedias, ONGs, fuerzas de seguridad y organizaciones sociales. Adem\u00e1s, su alcance se extiende a numerosas localidades de la provincia, tales como Pilcaniyeu, Comallo, Ingeniero Jacobacci, Maquinchao, El Bols\u00f3n y \u00d1orquinc\u00f3, entre otras.<\/p>\n\n\n\n<p>Durante el a\u00f1o en curso, se destacan participaciones significativas como: El Relevo Hist\u00f3rico de la Guardia de Honor y la inauguraci\u00f3n del Museo Memorial \u201cMalvinas Argentinas\u201d, la participaci\u00f3n en eventos tur\u00edsticos y culturales de gran envergadura, tales como la Fiesta Nacional de la Nieve, la Fiesta del Chocolate, la Fiesta de la Lana y la Fiesta del L\u00fapulo, llevando su m\u00fasica por toda la geograf\u00eda rionegrina, desde la estepa hasta los bosques, y desde el Lago Nahuel Huapi hasta los cerros Catedral, Otto y Campanario.<\/p>\n\n\n\n<p>As\u00ed, la Legisladora Marcela Gonz\u00e1lez Abdala propone se declare de inter\u00e9s social, cultural y art\u00edstico de la Provincia de R\u00edo Negro la labor y trayectoria de la Banda Militar de la Escuela Militar de Monta\u00f1a \u201cTte. Gral. Juan Domingo Per\u00f3n\u201d, con asiento en la ciudad de San Carlos de Bariloche, en reconocimiento a su valioso aporte a la comunidad y su activa participaci\u00f3n en la vida cultural de la regi\u00f3n.<\/p>\n","protected":false},"excerpt":{"rendered":"<p>La historia de la Banda Militar de la Escuela Militar de Monta\u00f1a \u201cTte. Gral. Juan Domingo Per\u00f3n\u201d, se remonta a [&hellip;]<\/p>\n","protected":false},"author":1,"featured_media":30958,"comment_status":"closed","ping_status":"closed","sticky":false,"template":"","format":"standard","meta":{"site-sidebar-layout":"default","site-content-layout":"","ast-site-content-layout":"default","site-content-style":"default","site-sidebar-style":"default","ast-global-header-display":"","ast-banner-title-visibility":"","ast-main-header-display":"","ast-hfb-above-header-display":"","ast-hfb-below-header-display":"","ast-hfb-mobile-header-display":"","site-post-title":"","ast-breadcrumbs-content":"","ast-featured-img":"","footer-sml-layout":"","theme-transparent-header-meta":"","adv-header-id-meta":"","stick-header-meta":"","header-above-stick-meta":"","header-main-stick-meta":"","header-below-stick-meta":"","astra-migrate-meta-layouts":"default","ast-page-background-enabled":"default","ast-page-background-meta":{"desktop":{"background-color":"var(--ast-global-color-5)","background-image":"","background-repeat":"repeat","background-position":"center center","background-size":"auto","background-attachment":"scroll","background-type":"","background-media":"","overlay-type":"","overlay-color":"","overlay-opacity":"","overlay-gradient":""},"tablet":{"background-color":"","background-image":"","background-repeat":"repeat","background-position":"center center","background-size":"auto","background-attachment":"scroll","background-type":"","background-media":"","overlay-type":"","overlay-color":"","overlay-opacity":"","overlay-gradient":""},"mobile":{"background-color":"","background-image":"","background-repeat":"repeat","background-position":"center center","background-size":"auto","background-attachment":"scroll","background-type":"","background-media":"","overlay-type":"","overlay-color":"","overlay-opacity":"","overlay-gradient":""}},"ast-content-background-meta":{"desktop":{"background-color":"var(--ast-global-color-4)","background-image":"","background-repeat":"repeat","background-position":"center center","background-size":"auto","background-attachment":"scroll","background-type":"","background-media":"","overlay-type":"","overlay-color":"","overlay-opacity":"","overlay-gradient":""},"tablet":{"background-color":"var(--ast-global-color-4)","background-image":"","background-repeat":"repeat","background-position":"center center","background-size":"auto","background-attachment":"scroll","background-type":"","background-media":"","overlay-type":"","overlay-color":"","overlay-opacity":"","overlay-gradient":""},"mobile":{"background-color":"var(--ast-global-color-4)","background-image":"","background-repeat":"repeat","background-position":"center center","background-size":"auto","background-attachment":"scroll","background-type":"","background-media":"","overlay-type":"","overlay-color":"","overlay-opacity":"","overlay-gradient":""}},"footnotes":""},"categories":[2],"tags":[],"class_list":["post-30765","post","type-post","status-publish","format-standard","has-post-thumbnail","hentry","category-provinciales"],"_links":{"self":[{"href":"https:\/\/bloquejsrn.com.ar\/portal\/wp-json\/wp\/v2\/posts\/30765","targetHints":{"allow":["GET"]}}],"collection":[{"href":"https:\/\/bloquejsrn.com.ar\/portal\/wp-json\/wp\/v2\/posts"}],"about":[{"href":"https:\/\/bloquejsrn.com.ar\/portal\/wp-json\/wp\/v2\/types\/post"}],"author":[{"embeddable":true,"href":"https:\/\/bloquejsrn.com.ar\/portal\/wp-json\/wp\/v2\/users\/1"}],"replies":[{"embeddable":true,"href":"https:\/\/bloquejsrn.com.ar\/portal\/wp-json\/wp\/v2\/comments?post=30765"}],"version-history":[{"count":0,"href":"https:\/\/bloquejsrn.com.ar\/portal\/wp-json\/wp\/v2\/posts\/30765\/revisions"}],"wp:featuredmedia":[{"embeddable":true,"href":"https:\/\/bloquejsrn.com.ar\/portal\/wp-json\/wp\/v2\/media\/30958"}],"wp:attachment":[{"href":"https:\/\/bloquejsrn.com.ar\/portal\/wp-json\/wp\/v2\/media?parent=30765"}],"wp:term":[{"taxonomy":"category","embeddable":true,"href":"https:\/\/bloquejsrn.com.ar\/portal\/wp-json\/wp\/v2\/categories?post=30765"},{"taxonomy":"post_tag","embeddable":true,"href":"https:\/\/bloquejsrn.com.ar\/portal\/wp-json\/wp\/v2\/tags?post=30765"}],"curies":[{"name":"wp","href":"https:\/\/api.w.org\/{rel}","templated":true}]}}