{"id":30848,"date":"2026-03-27T12:35:09","date_gmt":"2026-03-27T15:35:09","guid":{"rendered":"https:\/\/bloquejsrn.com.ar\/portal\/?p=30848"},"modified":"2026-03-27T12:35:09","modified_gmt":"2026-03-27T15:35:09","slug":"segunda-fecha-del-campeonato-de-safari-regional","status":"publish","type":"post","link":"https:\/\/bloquejsrn.com.ar\/portal\/segunda-fecha-del-campeonato-de-safari-regional\/","title":{"rendered":"Segunda fecha del Campeonato de Safari Regional"},"content":{"rendered":"\n<p>El Safari Regional que tendr\u00e1 lugar el 2 y 3 de mayo del presente a\u00f1o 2026 con sede en la localidad de Chichinales se distingue por el uso de escenarios naturales que imponen las dificultades propias de nuestra geograf\u00eda provincial, transitando desde la estepa con montes de piquill\u00edn y jarilla hasta las zonas rocosas y monta\u00f1osas de nuestra L\u00ednea Sur. Estos accidentes naturales definen al cross-country como una competencia extrema que exige una conexi\u00f3n \u00fanica con la naturaleza.<\/p>\n\n\n\n<p>La competencia se desarrolla en dos etapas, s\u00e1bado y domingo, cubriendo una extensi\u00f3n reglamentaria de kil\u00f3metros. Para asegurar la integridad del evento, los participantes deben registrar<br \/>su paso por diversos puestos de control (PC), donde se sella la hoja de ruta. Dicha hoja de ruta consiste en un diagrama detallado que se mantiene en secreto hasta instantes antes del inicio, lo que<br \/>representa un reto adicional para los pilotos al tener que orientarse cuadro por cuadro en un terreno desconocido.<\/p>\n\n\n\n<p>Con el objeto de ponderar este como un hecho hist\u00f3rico para la regi\u00f3n, la Legisladora Silvia Morales propone sea declarado de inter\u00e9s deportivo, social y comunitario, la realizaci\u00f3n de la Segunda fecha del Campeonato de Safari Regional, organizada por la Asociaci\u00f3n de Pilotos de Safari (APISA), a desarrollarse en la localidad de Chichinales los d\u00edas 2 y 3 de mayo del corriente a\u00f1o 2026.<\/p>\n","protected":false},"excerpt":{"rendered":"<p>El Safari Regional que tendr\u00e1 lugar el 2 y 3 de mayo del presente a\u00f1o 2026 con sede en la [&hellip;]<\/p>\n","protected":false},"author":1,"featured_media":30849,"comment_status":"closed","ping_status":"closed","sticky":false,"template":"","format":"standard","meta":{"site-sidebar-layout":"default","site-content-layout":"","ast-site-content-layout":"default","site-content-style":"default","site-sidebar-style":"default","ast-global-header-display":"","ast-banner-title-visibility":"","ast-main-header-display":"","ast-hfb-above-header-display":"","ast-hfb-below-header-display":"","ast-hfb-mobile-header-display":"","site-post-title":"","ast-breadcrumbs-content":"","ast-featured-img":"","footer-sml-layout":"","theme-transparent-header-meta":"","adv-header-id-meta":"","stick-header-meta":"","header-above-stick-meta":"","header-main-stick-meta":"","header-below-stick-meta":"","astra-migrate-meta-layouts":"default","ast-page-background-enabled":"default","ast-page-background-meta":{"desktop":{"background-color":"var(--ast-global-color-5)","background-image":"","background-repeat":"repeat","background-position":"center center","background-size":"auto","background-attachment":"scroll","background-type":"","background-media":"","overlay-type":"","overlay-color":"","overlay-opacity":"","overlay-gradient":""},"tablet":{"background-color":"","background-image":"","background-repeat":"repeat","background-position":"center center","background-size":"auto","background-attachment":"scroll","background-type":"","background-media":"","overlay-type":"","overlay-color":"","overlay-opacity":"","overlay-gradient":""},"mobile":{"background-color":"","background-image":"","background-repeat":"repeat","background-position":"center center","background-size":"auto","background-attachment":"scroll","background-type":"","background-media":"","overlay-type":"","overlay-color":"","overlay-opacity":"","overlay-gradient":""}},"ast-content-background-meta":{"desktop":{"background-color":"var(--ast-global-color-4)","background-image":"","background-repeat":"repeat","background-position":"center center","background-size":"auto","background-attachment":"scroll","background-type":"","background-media":"","overlay-type":"","overlay-color":"","overlay-opacity":"","overlay-gradient":""},"tablet":{"background-color":"var(--ast-global-color-4)","background-image":"","background-repeat":"repeat","background-position":"center center","background-size":"auto","background-attachment":"scroll","background-type":"","background-media":"","overlay-type":"","overlay-color":"","overlay-opacity":"","overlay-gradient":""},"mobile":{"background-color":"var(--ast-global-color-4)","background-image":"","background-repeat":"repeat","background-position":"center center","background-size":"auto","background-attachment":"scroll","background-type":"","background-media":"","overlay-type":"","overlay-color":"","overlay-opacity":"","overlay-gradient":""}},"footnotes":""},"categories":[2],"tags":[],"class_list":["post-30848","post","type-post","status-publish","format-standard","has-post-thumbnail","hentry","category-provinciales"],"_links":{"self":[{"href":"https:\/\/bloquejsrn.com.ar\/portal\/wp-json\/wp\/v2\/posts\/30848","targetHints":{"allow":["GET"]}}],"collection":[{"href":"https:\/\/bloquejsrn.com.ar\/portal\/wp-json\/wp\/v2\/posts"}],"about":[{"href":"https:\/\/bloquejsrn.com.ar\/portal\/wp-json\/wp\/v2\/types\/post"}],"author":[{"embeddable":true,"href":"https:\/\/bloquejsrn.com.ar\/portal\/wp-json\/wp\/v2\/users\/1"}],"replies":[{"embeddable":true,"href":"https:\/\/bloquejsrn.com.ar\/portal\/wp-json\/wp\/v2\/comments?post=30848"}],"version-history":[{"count":0,"href":"https:\/\/bloquejsrn.com.ar\/portal\/wp-json\/wp\/v2\/posts\/30848\/revisions"}],"wp:featuredmedia":[{"embeddable":true,"href":"https:\/\/bloquejsrn.com.ar\/portal\/wp-json\/wp\/v2\/media\/30849"}],"wp:attachment":[{"href":"https:\/\/bloquejsrn.com.ar\/portal\/wp-json\/wp\/v2\/media?parent=30848"}],"wp:term":[{"taxonomy":"category","embeddable":true,"href":"https:\/\/bloquejsrn.com.ar\/portal\/wp-json\/wp\/v2\/categories?post=30848"},{"taxonomy":"post_tag","embeddable":true,"href":"https:\/\/bloquejsrn.com.ar\/portal\/wp-json\/wp\/v2\/tags?post=30848"}],"curies":[{"name":"wp","href":"https:\/\/api.w.org\/{rel}","templated":true}]}}