{"id":30924,"date":"2026-03-27T12:03:53","date_gmt":"2026-03-27T15:03:53","guid":{"rendered":"https:\/\/bloquejsrn.com.ar\/portal\/?p=30840"},"modified":"2026-03-27T12:03:53","modified_gmt":"2026-03-27T15:03:53","slug":"prevencion-de-la-violencia-sexual-digital-en-ambitos-educativos","status":"publish","type":"post","link":"https:\/\/bloquejsrn.com.ar\/portal\/prevencion-de-la-violencia-sexual-digital-en-ambitos-educativos\/","title":{"rendered":"Prevenci\u00f3n de la violencia sexual digital en \u00e1mbitos educativos"},"content":{"rendered":"\n<p>Ema Bondaruk fue una adolescente que a los 15 a\u00f1os result\u00f3 v\u00edctima fatal de violencia por motivos de g\u00e9nero en entornos digitales. El 24 de agosto de 2024, despu\u00e9s de la viralizaci\u00f3n y difusi\u00f3n de im\u00e1genes \u00edntimas sin su consentimiento en el colegio al que asist\u00eda, se quit\u00f3 la vida.<\/p>\n\n\n\n<p>El proyecto de Ley Ema, es una iniciativa legislativa que busca brindar herramientas para que las escuelas puedan acompa\u00f1ar el abordaje de situaciones vinculadas con la violencia digital, una problem\u00e1tica cada vez m\u00e1s frecuente y compleja.<\/p>\n\n\n\n<p>La ley propone la creaci\u00f3n del \u201cPrograma Nacional de Prevenci\u00f3n de la violencia sexual digital en \u00e1mbitos educativos\u201d, que ofrece un marco de referencia para la intervenci\u00f3n, brindando orientaciones pr\u00e1cticas para la prevenci\u00f3n, la detecci\u00f3n y el acompa\u00f1amiento.<\/p>\n\n\n\n<p>As\u00ed es que los Legisladores Maricel C\u00e9voli, Marcela Rossio y Andrea Escudero comunican a la la Honorable C\u00e1mara de Diputados de la Naci\u00f3n, su benepl\u00e1cito por el tratamiento parlamentario y el avance legislativo del proyecto de \u201cLey Ema\u201d, que busca brindar herramientas para que las escuelas puedan acompa\u00f1ar el abordaje de situaciones vinculadas con la violencia digital.<\/p>\n","protected":false},"excerpt":{"rendered":"<p>Ema Bondaruk fue una adolescente que a los 15 a\u00f1os result\u00f3 v\u00edctima fatal de violencia por motivos de g\u00e9nero en [&hellip;]<\/p>\n","protected":false},"author":1,"featured_media":31091,"comment_status":"closed","ping_status":"closed","sticky":false,"template":"","format":"standard","meta":{"site-sidebar-layout":"default","site-content-layout":"","ast-site-content-layout":"default","site-content-style":"default","site-sidebar-style":"default","ast-global-header-display":"","ast-banner-title-visibility":"","ast-main-header-display":"","ast-hfb-above-header-display":"","ast-hfb-below-header-display":"","ast-hfb-mobile-header-display":"","site-post-title":"","ast-breadcrumbs-content":"","ast-featured-img":"","footer-sml-layout":"","theme-transparent-header-meta":"","adv-header-id-meta":"","stick-header-meta":"","header-above-stick-meta":"","header-main-stick-meta":"","header-below-stick-meta":"","astra-migrate-meta-layouts":"default","ast-page-background-enabled":"default","ast-page-background-meta":{"desktop":{"background-color":"var(--ast-global-color-5)","background-image":"","background-repeat":"repeat","background-position":"center center","background-size":"auto","background-attachment":"scroll","background-type":"","background-media":"","overlay-type":"","overlay-color":"","overlay-opacity":"","overlay-gradient":""},"tablet":{"background-color":"","background-image":"","background-repeat":"repeat","background-position":"center center","background-size":"auto","background-attachment":"scroll","background-type":"","background-media":"","overlay-type":"","overlay-color":"","overlay-opacity":"","overlay-gradient":""},"mobile":{"background-color":"","background-image":"","background-repeat":"repeat","background-position":"center center","background-size":"auto","background-attachment":"scroll","background-type":"","background-media":"","overlay-type":"","overlay-color":"","overlay-opacity":"","overlay-gradient":""}},"ast-content-background-meta":{"desktop":{"background-color":"var(--ast-global-color-4)","background-image":"","background-repeat":"repeat","background-position":"center center","background-size":"auto","background-attachment":"scroll","background-type":"","background-media":"","overlay-type":"","overlay-color":"","overlay-opacity":"","overlay-gradient":""},"tablet":{"background-color":"var(--ast-global-color-4)","background-image":"","background-repeat":"repeat","background-position":"center center","background-size":"auto","background-attachment":"scroll","background-type":"","background-media":"","overlay-type":"","overlay-color":"","overlay-opacity":"","overlay-gradient":""},"mobile":{"background-color":"var(--ast-global-color-4)","background-image":"","background-repeat":"repeat","background-position":"center center","background-size":"auto","background-attachment":"scroll","background-type":"","background-media":"","overlay-type":"","overlay-color":"","overlay-opacity":"","overlay-gradient":""}},"footnotes":""},"categories":[2],"tags":[],"class_list":["post-30924","post","type-post","status-publish","format-standard","has-post-thumbnail","hentry","category-provinciales"],"_links":{"self":[{"href":"https:\/\/bloquejsrn.com.ar\/portal\/wp-json\/wp\/v2\/posts\/30924","targetHints":{"allow":["GET"]}}],"collection":[{"href":"https:\/\/bloquejsrn.com.ar\/portal\/wp-json\/wp\/v2\/posts"}],"about":[{"href":"https:\/\/bloquejsrn.com.ar\/portal\/wp-json\/wp\/v2\/types\/post"}],"author":[{"embeddable":true,"href":"https:\/\/bloquejsrn.com.ar\/portal\/wp-json\/wp\/v2\/users\/1"}],"replies":[{"embeddable":true,"href":"https:\/\/bloquejsrn.com.ar\/portal\/wp-json\/wp\/v2\/comments?post=30924"}],"version-history":[{"count":0,"href":"https:\/\/bloquejsrn.com.ar\/portal\/wp-json\/wp\/v2\/posts\/30924\/revisions"}],"wp:featuredmedia":[{"embeddable":true,"href":"https:\/\/bloquejsrn.com.ar\/portal\/wp-json\/wp\/v2\/media\/31091"}],"wp:attachment":[{"href":"https:\/\/bloquejsrn.com.ar\/portal\/wp-json\/wp\/v2\/media?parent=30924"}],"wp:term":[{"taxonomy":"category","embeddable":true,"href":"https:\/\/bloquejsrn.com.ar\/portal\/wp-json\/wp\/v2\/categories?post=30924"},{"taxonomy":"post_tag","embeddable":true,"href":"https:\/\/bloquejsrn.com.ar\/portal\/wp-json\/wp\/v2\/tags?post=30924"}],"curies":[{"name":"wp","href":"https:\/\/api.w.org\/{rel}","templated":true}]}}