{"id":31381,"date":"2026-04-21T15:15:36","date_gmt":"2026-04-21T15:15:36","guid":{"rendered":"https:\/\/bloquejsrn.com.ar\/portal\/?p=31381"},"modified":"2026-04-21T15:52:42","modified_gmt":"2026-04-21T15:52:42","slug":"31381-2","status":"publish","type":"post","link":"https:\/\/bloquejsrn.com.ar\/portal\/31381-2\/","title":{"rendered":"Destacan Jornada Docente realizada en Bariloche"},"content":{"rendered":"\n<p>La \u201cJornada Docente: Relatos de experiencia: Aulas Inclusivas, Estrategias pedag\u00f3gicas para estudiantes con desaf\u00edos en el aprendizaje\u201d, a realizarse el d\u00eda 27 de junio en San Carlos de Bariloche se apoya en la necesidad de fortalecer las pol\u00edticas p\u00fablicas de formaci\u00f3n docente continua, gratuita y en servicio, orientadas a mejorar la calidad educativa y garantizar el<br>derecho a la educaci\u00f3n en condiciones de equidad e inclusi\u00f3n para todos los estudiantes de nuestra provincia.<\/p>\n\n\n\n<p>La jornada propuesta constituye un espacio valioso de encuentro e intercambio entre docentes, equipos t\u00e9cnicos y profesionales de la salud, favoreciendo el abordaje interdisciplinario de las problem\u00e1ticas educativas actuales. Asimismo, promueve la reflexi\u00f3n sobre la propia pr\u00e1ctica docente, el an\u00e1lisis de experiencias \u00e1ulicas reales y la construcci\u00f3n colectiva de herramientas pedag\u00f3gicas que contribuyan a mejorar las trayectorias escolares.<\/p>\n\n\n\n<p>Se trata de una propuesta destinada principalmente a docentes de los niveles obligatorios; Educaci\u00f3n Inicial, Primaria y Secundaria, sin perjuicio de la participaci\u00f3n de equipos directivos, equipos t\u00e9cnicos y de apoyo, docentes de la modalidad de Educaci\u00f3n Especial y profesionales vinculados al \u00e1mbito educativo y de la salud, con el objetivo de fortalecer pr\u00e1cticas pedag\u00f3gicas inclusivas y mejorar el abordaje de los desaf\u00edos en el aprendizaje.<\/p>\n\n\n\n<p>Es en este marco que la Legisladora Marcela Gonz\u00e1lez Abdala propone se declare de inter\u00e9s educativo, social y comunitario la \u201cJornada Docente: Relatos de experiencia: Aulas Inclusivas, Estrategias pedag\u00f3gicas para estudiantes con desaf\u00edos en el aprendizaje\u201d, a realizarse el d\u00eda 27 de junio del a\u00f1o 2026 en la ciudad de San Carlos de Bariloche, organizada por el Instituto de Formaci\u00f3n Docente Continua (IFDC) de San Carlos de Bariloche, la Organizaci\u00f3n Internacional de Dislexia y Familia, DISFAM, la Sociedad Argentina de Pediatr\u00eda (SAP) y la Universidad Nacional del Comahue (UNCo).<\/p>\n","protected":false},"excerpt":{"rendered":"<p>La \u201cJornada Docente: Relatos de experiencia: Aulas Inclusivas, Estrategias pedag\u00f3gicas para estudiantes con desaf\u00edos en el aprendizaje\u201d, a realizarse el [&hellip;]<\/p>\n","protected":false},"author":1,"featured_media":31382,"comment_status":"open","ping_status":"open","sticky":false,"template":"","format":"standard","meta":{"site-sidebar-layout":"default","site-content-layout":"","ast-site-content-layout":"default","site-content-style":"default","site-sidebar-style":"default","ast-global-header-display":"","ast-banner-title-visibility":"","ast-main-header-display":"","ast-hfb-above-header-display":"","ast-hfb-below-header-display":"","ast-hfb-mobile-header-display":"","site-post-title":"","ast-breadcrumbs-content":"","ast-featured-img":"","footer-sml-layout":"","theme-transparent-header-meta":"","adv-header-id-meta":"","stick-header-meta":"","header-above-stick-meta":"","header-main-stick-meta":"","header-below-stick-meta":"","astra-migrate-meta-layouts":"default","ast-page-background-enabled":"default","ast-page-background-meta":{"desktop":{"background-color":"var(--ast-global-color-5)","background-image":"","background-repeat":"repeat","background-position":"center center","background-size":"auto","background-attachment":"scroll","background-type":"","background-media":"","overlay-type":"","overlay-color":"","overlay-opacity":"","overlay-gradient":""},"tablet":{"background-color":"","background-image":"","background-repeat":"repeat","background-position":"center center","background-size":"auto","background-attachment":"scroll","background-type":"","background-media":"","overlay-type":"","overlay-color":"","overlay-opacity":"","overlay-gradient":""},"mobile":{"background-color":"","background-image":"","background-repeat":"repeat","background-position":"center center","background-size":"auto","background-attachment":"scroll","background-type":"","background-media":"","overlay-type":"","overlay-color":"","overlay-opacity":"","overlay-gradient":""}},"ast-content-background-meta":{"desktop":{"background-color":"var(--ast-global-color-4)","background-image":"","background-repeat":"repeat","background-position":"center center","background-size":"auto","background-attachment":"scroll","background-type":"","background-media":"","overlay-type":"","overlay-color":"","overlay-opacity":"","overlay-gradient":""},"tablet":{"background-color":"var(--ast-global-color-4)","background-image":"","background-repeat":"repeat","background-position":"center center","background-size":"auto","background-attachment":"scroll","background-type":"","background-media":"","overlay-type":"","overlay-color":"","overlay-opacity":"","overlay-gradient":""},"mobile":{"background-color":"var(--ast-global-color-4)","background-image":"","background-repeat":"repeat","background-position":"center center","background-size":"auto","background-attachment":"scroll","background-type":"","background-media":"","overlay-type":"","overlay-color":"","overlay-opacity":"","overlay-gradient":""}},"footnotes":""},"categories":[1],"tags":[],"class_list":["post-31381","post","type-post","status-publish","format-standard","has-post-thumbnail","hentry","category-uncategorized"],"_links":{"self":[{"href":"https:\/\/bloquejsrn.com.ar\/portal\/wp-json\/wp\/v2\/posts\/31381","targetHints":{"allow":["GET"]}}],"collection":[{"href":"https:\/\/bloquejsrn.com.ar\/portal\/wp-json\/wp\/v2\/posts"}],"about":[{"href":"https:\/\/bloquejsrn.com.ar\/portal\/wp-json\/wp\/v2\/types\/post"}],"author":[{"embeddable":true,"href":"https:\/\/bloquejsrn.com.ar\/portal\/wp-json\/wp\/v2\/users\/1"}],"replies":[{"embeddable":true,"href":"https:\/\/bloquejsrn.com.ar\/portal\/wp-json\/wp\/v2\/comments?post=31381"}],"version-history":[{"count":2,"href":"https:\/\/bloquejsrn.com.ar\/portal\/wp-json\/wp\/v2\/posts\/31381\/revisions"}],"predecessor-version":[{"id":31402,"href":"https:\/\/bloquejsrn.com.ar\/portal\/wp-json\/wp\/v2\/posts\/31381\/revisions\/31402"}],"wp:featuredmedia":[{"embeddable":true,"href":"https:\/\/bloquejsrn.com.ar\/portal\/wp-json\/wp\/v2\/media\/31382"}],"wp:attachment":[{"href":"https:\/\/bloquejsrn.com.ar\/portal\/wp-json\/wp\/v2\/media?parent=31381"}],"wp:term":[{"taxonomy":"category","embeddable":true,"href":"https:\/\/bloquejsrn.com.ar\/portal\/wp-json\/wp\/v2\/categories?post=31381"},{"taxonomy":"post_tag","embeddable":true,"href":"https:\/\/bloquejsrn.com.ar\/portal\/wp-json\/wp\/v2\/tags?post=31381"}],"curies":[{"name":"wp","href":"https:\/\/api.w.org\/{rel}","templated":true}]}}