{"id":5,"date":"2012-02-02T09:17:58","date_gmt":"2012-02-02T12:17:58","guid":{"rendered":"http:\/\/bloquejuntossomosrn.com.ar\/portal\/?p=5"},"modified":"2012-02-02T09:17:58","modified_gmt":"2012-02-02T12:17:58","slug":"asumio-gustavo-casas-como-defensor-interino","status":"publish","type":"post","link":"https:\/\/bloquejsrn.com.ar\/portal\/asumio-gustavo-casas-como-defensor-interino\/","title":{"rendered":"Asumi\u00f3 Gustavo Casas como Defensor interino"},"content":{"rendered":"<p>Esta ma\u00f1ana, el arquitecto Gustavo Casas jur\u00f3 como Defensor del Pueblo interino ante el vicegobernador de R\u00edo Negro, Carlos Peralta.<\/p>\n<p>Ante una sala colmada de gente, Casas afirm\u00f3 que est\u00e1 naciendo un nuevo R\u00edo Negro y que este \u201ces el principio de un largo camino que nos invit\u00f3 en su momento el \u201cgringo\u201d Carlos Soria a transitar junto con los rionegrinos\u201d.\u00a0<!--more--><\/p>\n<p>Casas agradeci\u00f3 la presencia de su familia, amigos y las autoridades presentes, como as\u00ed a todos los mensajes que recibi\u00f3 en apoyo, en especial, el de Mart\u00edn Soria, que le hizo saber que su padre se hubiese puesto muy contento de participar en esta jura.<\/p>\n<p>Hizo una especial menci\u00f3n al \u201cvicegobernador y amigo\u201d Carlos Peralta, \u201cpor quien asumo esta responsabilidad para participar en parte del dise\u00f1o de este nuevo R\u00edo Negro que siempre so\u00f1amos\u201d.<\/p>\n<p>Indic\u00f3 adem\u00e1s que, aunque podr\u00eda hablar de las propuestas, competencias y responsabilidades, este primero de febrero prefiere hablar de Soria, \u201cque tanto ayer, hoy y siempre ser\u00e1 quien nos llame y acompa\u00f1e en esta tit\u00e1nica tarea de gobernar R\u00edo Negro para los rionegrinos\u201d.<\/p>\n<p>A un mes de la muerte del ex gobernador, Casas expres\u00f3 que \u201cnos invade el dolor pero no la desesperanza, ya nos marc\u00f3 el camino y a donde deb\u00edamos llegar. Trabajaremos por la felicidad de los rionegrinos, nos ingeniaremos para explotar las riquezas de nuestro territorio para generar trabajo y meter preso a los \u201cchorros\u201d, como era su compromiso\u201d.<\/p>\n<p>Peralta exalt\u00f3 la figura de Casas<\/p>\n<p>Al responder a la prensa sobre la figura del Defensor interino, el vicegobernador Carlos Peralta lo defini\u00f3 como \u201cun hombre y un dirigente reconocido no s\u00f3lo en la capital de R\u00edo Negro, sino en toda la Provincia. Es alguien que ha ocupado cargos institucionales como el de presidente del Concejo Deliberante de Viedma y como convencional constituyente durante la reforma de la Constituci\u00f3n de 1988\u201d, record\u00f3 el titular de la Legislatura rionegrina.<\/p>\n<p>Resalt\u00f3 que Casas \u201csiempre estuvo comprometido en la resoluci\u00f3n de los problemas que plantean los rionegrinos. Es un hombre con una profunda convicci\u00f3n y formaci\u00f3n en los principios del peronismo, que sabe que donde hay una necesidad tambi\u00e9n hay un derecho y que hay que aportar soluciones a los planteos que hace la gente\u201d.<\/p>\n<p>Peralta interpret\u00f3 como \u201cmuy oportuna la designaci\u00f3n interina de Gustavo Casas al frente de la Defensor\u00eda del Pueblo; hoy ha tenido el reconocimiento, sin lugar a dudas, de quienes han estado presentes en este acto de asunci\u00f3n, por lo que \u00e9l significa como persona, un hombre de bien, un hombre honesto y de un fuerte compromiso con nuestra sociedad\u201d.<\/p>\n","protected":false},"excerpt":{"rendered":"<p>Esta ma\u00f1ana, el arquitecto Gustavo Casas jur\u00f3 como Defensor del Pueblo interino ante el vicegobernador de R\u00edo Negro, Carlos Peralta. [&hellip;]<\/p>\n","protected":false},"author":1,"featured_media":0,"comment_status":"open","ping_status":"closed","sticky":false,"template":"","format":"standard","meta":{"site-sidebar-layout":"default","site-content-layout":"","ast-site-content-layout":"default","site-content-style":"default","site-sidebar-style":"default","ast-global-header-display":"","ast-banner-title-visibility":"","ast-main-header-display":"","ast-hfb-above-header-display":"","ast-hfb-below-header-display":"","ast-hfb-mobile-header-display":"","site-post-title":"","ast-breadcrumbs-content":"","ast-featured-img":"","footer-sml-layout":"","theme-transparent-header-meta":"","adv-header-id-meta":"","stick-header-meta":"","header-above-stick-meta":"","header-main-stick-meta":"","header-below-stick-meta":"","astra-migrate-meta-layouts":"default","ast-page-background-enabled":"default","ast-page-background-meta":{"desktop":{"background-color":"var(--ast-global-color-5)","background-image":"","background-repeat":"repeat","background-position":"center center","background-size":"auto","background-attachment":"scroll","background-type":"","background-media":"","overlay-type":"","overlay-color":"","overlay-opacity":"","overlay-gradient":""},"tablet":{"background-color":"","background-image":"","background-repeat":"repeat","background-position":"center center","background-size":"auto","background-attachment":"scroll","background-type":"","background-media":"","overlay-type":"","overlay-color":"","overlay-opacity":"","overlay-gradient":""},"mobile":{"background-color":"","background-image":"","background-repeat":"repeat","background-position":"center center","background-size":"auto","background-attachment":"scroll","background-type":"","background-media":"","overlay-type":"","overlay-color":"","overlay-opacity":"","overlay-gradient":""}},"ast-content-background-meta":{"desktop":{"background-color":"var(--ast-global-color-4)","background-image":"","background-repeat":"repeat","background-position":"center center","background-size":"auto","background-attachment":"scroll","background-type":"","background-media":"","overlay-type":"","overlay-color":"","overlay-opacity":"","overlay-gradient":""},"tablet":{"background-color":"var(--ast-global-color-4)","background-image":"","background-repeat":"repeat","background-position":"center center","background-size":"auto","background-attachment":"scroll","background-type":"","background-media":"","overlay-type":"","overlay-color":"","overlay-opacity":"","overlay-gradient":""},"mobile":{"background-color":"var(--ast-global-color-4)","background-image":"","background-repeat":"repeat","background-position":"center center","background-size":"auto","background-attachment":"scroll","background-type":"","background-media":"","overlay-type":"","overlay-color":"","overlay-opacity":"","overlay-gradient":""}},"footnotes":""},"categories":[20],"tags":[],"class_list":["post-5","post","type-post","status-publish","format-standard","hentry","category-comunicados"],"_links":{"self":[{"href":"https:\/\/bloquejsrn.com.ar\/portal\/wp-json\/wp\/v2\/posts\/5","targetHints":{"allow":["GET"]}}],"collection":[{"href":"https:\/\/bloquejsrn.com.ar\/portal\/wp-json\/wp\/v2\/posts"}],"about":[{"href":"https:\/\/bloquejsrn.com.ar\/portal\/wp-json\/wp\/v2\/types\/post"}],"author":[{"embeddable":true,"href":"https:\/\/bloquejsrn.com.ar\/portal\/wp-json\/wp\/v2\/users\/1"}],"replies":[{"embeddable":true,"href":"https:\/\/bloquejsrn.com.ar\/portal\/wp-json\/wp\/v2\/comments?post=5"}],"version-history":[{"count":0,"href":"https:\/\/bloquejsrn.com.ar\/portal\/wp-json\/wp\/v2\/posts\/5\/revisions"}],"wp:attachment":[{"href":"https:\/\/bloquejsrn.com.ar\/portal\/wp-json\/wp\/v2\/media?parent=5"}],"wp:term":[{"taxonomy":"category","embeddable":true,"href":"https:\/\/bloquejsrn.com.ar\/portal\/wp-json\/wp\/v2\/categories?post=5"},{"taxonomy":"post_tag","embeddable":true,"href":"https:\/\/bloquejsrn.com.ar\/portal\/wp-json\/wp\/v2\/tags?post=5"}],"curies":[{"name":"wp","href":"https:\/\/api.w.org\/{rel}","templated":true}]}}