{"id":59,"date":"2012-02-03T11:18:00","date_gmt":"2012-02-03T14:18:00","guid":{"rendered":"http:\/\/bloquejuntossomosrn.com.ar\/portal\/?p=59"},"modified":"2012-02-03T11:18:00","modified_gmt":"2012-02-03T14:18:00","slug":"weretilneck-anuncio-la-creacion-de-una-empresa-estatal-minera","status":"publish","type":"post","link":"https:\/\/bloquejsrn.com.ar\/portal\/weretilneck-anuncio-la-creacion-de-una-empresa-estatal-minera\/","title":{"rendered":"Weretilneck anunci\u00f3 la creaci\u00f3n de una empresa estatal minera"},"content":{"rendered":"<p style=\"text-align: justify;\" align=\"center\">El gobernador de la Provincia,<strong> Alberto Weretilneck<\/strong>, anunci\u00f3 hoy en Bariloche que enviar\u00e1 un proyecto de ley a la Legislatura para crear una empresa estatal minera que se asociar\u00e1 con las firmas privadas del rubro. \u201c<em>Queremos que el Estado genere proyectos y los ejecute en conjunto con el privado, como as\u00ed tambi\u00e9n participe de las ganancias<\/em>\u201d, se\u00f1al\u00f3.<\/p>\n<p style=\"text-align: justify;\">El mandatario explic\u00f3 que \u201cexisten dos maneras de administrar los recursos mineros, la primera es que el Estado brinde concesiones y a cambio las empresas privadas paguen regal\u00edas, y la segunda es que el Estado sea socio necesario de la actividad privada\u201d.<\/p>\n<p style=\"text-align: justify;\">En ese sentido, se\u00f1al\u00f3 que se opt\u00f3 por la segunda opci\u00f3n porque \u201c<em>no nos conformamos con las regal\u00edas<\/em>\u201d y agreg\u00f3 que a la conformaci\u00f3n de esta empresa del Estado se le sumar\u00e1 la constituci\u00f3n del Consejo Ambiental Minero (CAM) que \u201c<em>controlar\u00e1 la situaci\u00f3n ambiental y estar\u00e1 integrado por representantes del gobierno provincial, de los municipios involucrados y de INVAP<\/em>\u201d.<\/p>\n<p style=\"text-align: justify;\">\u201c<em>Este es un desaf\u00edo hacia delante. Ojala tuvi\u00e9ramos una Provincia con el capital suficiente para hacer miner\u00eda o explotar hidrocarburos por nuestros propios medios. Pero no lo podemos hacer porque no tenemos los recursos<\/em>\u201d dijo.<\/p>\n<p style=\"text-align: justify;\">Weretilneck se\u00f1al\u00f3 que la iniciativa ingresar\u00eda al Parlamento en unas dos semanas.<\/p>\n<p style=\"text-align: justify;\">Fuente: <a title=\"Acci\u00f3n R\u00edo Negro\" href=\"http:\/\/accionrionegro.com.ar\/portal\/2012\/02\/weretilneck-anuncio-la-creacion-de-una-empresa-estatal-minera\/\" target=\"_blank\">Acci\u00f3n R\u00edo Negro<\/a><\/p>\n","protected":false},"excerpt":{"rendered":"<p>El gobernador de la Provincia, Alberto Weretilneck, anunci\u00f3 hoy en Bariloche que enviar\u00e1 un proyecto de ley a la Legislatura [&hellip;]<\/p>\n","protected":false},"author":1,"featured_media":0,"comment_status":"open","ping_status":"closed","sticky":false,"template":"","format":"standard","meta":{"site-sidebar-layout":"default","site-content-layout":"","ast-site-content-layout":"default","site-content-style":"default","site-sidebar-style":"default","ast-global-header-display":"","ast-banner-title-visibility":"","ast-main-header-display":"","ast-hfb-above-header-display":"","ast-hfb-below-header-display":"","ast-hfb-mobile-header-display":"","site-post-title":"","ast-breadcrumbs-content":"","ast-featured-img":"","footer-sml-layout":"","theme-transparent-header-meta":"","adv-header-id-meta":"","stick-header-meta":"","header-above-stick-meta":"","header-main-stick-meta":"","header-below-stick-meta":"","astra-migrate-meta-layouts":"default","ast-page-background-enabled":"default","ast-page-background-meta":{"desktop":{"background-color":"var(--ast-global-color-5)","background-image":"","background-repeat":"repeat","background-position":"center center","background-size":"auto","background-attachment":"scroll","background-type":"","background-media":"","overlay-type":"","overlay-color":"","overlay-opacity":"","overlay-gradient":""},"tablet":{"background-color":"","background-image":"","background-repeat":"repeat","background-position":"center center","background-size":"auto","background-attachment":"scroll","background-type":"","background-media":"","overlay-type":"","overlay-color":"","overlay-opacity":"","overlay-gradient":""},"mobile":{"background-color":"","background-image":"","background-repeat":"repeat","background-position":"center center","background-size":"auto","background-attachment":"scroll","background-type":"","background-media":"","overlay-type":"","overlay-color":"","overlay-opacity":"","overlay-gradient":""}},"ast-content-background-meta":{"desktop":{"background-color":"var(--ast-global-color-4)","background-image":"","background-repeat":"repeat","background-position":"center center","background-size":"auto","background-attachment":"scroll","background-type":"","background-media":"","overlay-type":"","overlay-color":"","overlay-opacity":"","overlay-gradient":""},"tablet":{"background-color":"var(--ast-global-color-4)","background-image":"","background-repeat":"repeat","background-position":"center center","background-size":"auto","background-attachment":"scroll","background-type":"","background-media":"","overlay-type":"","overlay-color":"","overlay-opacity":"","overlay-gradient":""},"mobile":{"background-color":"var(--ast-global-color-4)","background-image":"","background-repeat":"repeat","background-position":"center center","background-size":"auto","background-attachment":"scroll","background-type":"","background-media":"","overlay-type":"","overlay-color":"","overlay-opacity":"","overlay-gradient":""}},"footnotes":""},"categories":[20],"tags":[],"class_list":["post-59","post","type-post","status-publish","format-standard","hentry","category-comunicados"],"_links":{"self":[{"href":"https:\/\/bloquejsrn.com.ar\/portal\/wp-json\/wp\/v2\/posts\/59","targetHints":{"allow":["GET"]}}],"collection":[{"href":"https:\/\/bloquejsrn.com.ar\/portal\/wp-json\/wp\/v2\/posts"}],"about":[{"href":"https:\/\/bloquejsrn.com.ar\/portal\/wp-json\/wp\/v2\/types\/post"}],"author":[{"embeddable":true,"href":"https:\/\/bloquejsrn.com.ar\/portal\/wp-json\/wp\/v2\/users\/1"}],"replies":[{"embeddable":true,"href":"https:\/\/bloquejsrn.com.ar\/portal\/wp-json\/wp\/v2\/comments?post=59"}],"version-history":[{"count":0,"href":"https:\/\/bloquejsrn.com.ar\/portal\/wp-json\/wp\/v2\/posts\/59\/revisions"}],"wp:attachment":[{"href":"https:\/\/bloquejsrn.com.ar\/portal\/wp-json\/wp\/v2\/media?parent=59"}],"wp:term":[{"taxonomy":"category","embeddable":true,"href":"https:\/\/bloquejsrn.com.ar\/portal\/wp-json\/wp\/v2\/categories?post=59"},{"taxonomy":"post_tag","embeddable":true,"href":"https:\/\/bloquejsrn.com.ar\/portal\/wp-json\/wp\/v2\/tags?post=59"}],"curies":[{"name":"wp","href":"https:\/\/api.w.org\/{rel}","templated":true}]}}